{"id":1816,"date":"2026-09-04T08:57:00","date_gmt":"2026-09-04T11:57:00","guid":{"rendered":"https:\/\/g100.com.br\/?p=1816"},"modified":"2026-09-04T08:57:00","modified_gmt":"2026-09-04T11:57:00","slug":"confira-os-horarios-de-funcionamento-dos-shoppings-no-feriado-do-dia-da-independencia-07-09","status":"publish","type":"post","link":"https:\/\/g100.com.br\/index.php\/2026\/09\/04\/confira-os-horarios-de-funcionamento-dos-shoppings-no-feriado-do-dia-da-independencia-07-09\/","title":{"rendered":"Confira os hor\u00e1rios de funcionamento dos shoppings no Feriado do Dia da Independ\u00eancia (07\/09)"},"content":{"rendered":"\n<p class=\"wp-block-paragraph\">Quem pretende aproveitar o feriado desta segunda-feira (7) para fazer compras ou passear nos centros comerciais deve ficar atento. Os shoppings ter\u00e3o hor\u00e1rios de funcionamento especiais durante o feriado da Independ\u00eancia.<\/p>\n\n\n\n<p class=\"wp-block-paragraph\">Confira, abaixo, os detalhes de cada empreendimento:<\/p>\n\n\n\n<p class=\"wp-block-paragraph\"><strong><u>Fashion Mall<\/u><\/strong><\/p>\n\n\n\n<p class=\"wp-block-paragraph\"><strong>&#8211; Lojas e quiosques:<\/strong>&nbsp;das 14h \u00e0s 20h<\/p>\n\n\n\n<p class=\"wp-block-paragraph\"><strong>&#8211; Restaurantes:<\/strong>&nbsp;a partir das 12h.<\/p>\n\n\n\n<p class=\"wp-block-paragraph\"><strong><em>O Fashion Mall fica na&nbsp;<a href=\"https:\/\/www.google.com\/maps\/search\/Estrada+da+G%C3%A1vea,+899,+S%C3%A3o+Conrado++Rio+de+Janeiro?entry=gmail&amp;source=g\">Estrada da G\u00e1vea, 899, S\u00e3o Conrado&nbsp;<\/a>\u2013&nbsp;<a href=\"https:\/\/www.google.com\/maps\/search\/Estrada+da+G%C3%A1vea,+899,+S%C3%A3o+Conrado++Rio+de+Janeiro?entry=gmail&amp;source=g\">Rio de Janeiro<\/a>. Telefone: (21) 2111-4427.<\/em><\/strong><\/p>\n\n\n\n<p class=\"wp-block-paragraph\"><strong><u>Shopping Metropolitano Barra<\/u><\/strong><\/p>\n\n\n\n<p class=\"wp-block-paragraph\"><strong>&#8211; Lojas e quiosques:<\/strong>&nbsp;das 13h \u00e0s 21h<\/p>\n\n\n\n<p class=\"wp-block-paragraph\"><strong>&#8211; Pra\u00e7a de alimenta\u00e7\u00e3o:&nbsp;<\/strong>das 11h \u00e0s 22h<\/p>\n\n\n\n<p class=\"wp-block-paragraph\"><strong>&#8211; Lazer:<\/strong>&nbsp;das 13h \u00e0s 21h<\/p>\n\n\n\n<p class=\"wp-block-paragraph\"><strong>&#8211; Restaurantes:<\/strong>&nbsp;das&nbsp;<strong><u>12h \u00e0s 22h<\/u><\/strong><\/p>\n\n\n\n<p class=\"wp-block-paragraph\"><strong><u>&#8211; Cinemas: de acordo com a programa\u00e7\u00e3o<\/u><\/strong><\/p>\n\n\n\n<p class=\"wp-block-paragraph\"><strong><em>O Shopping Metropolitano Barra fica na&nbsp;<a href=\"https:\/\/www.google.com\/maps\/search\/Av.+Embaixador+Abelardo+Bueno,+1300++Barra+Ol%C3%ADmpica,+Rio+de+Janeiro++RJ?entry=gmail&amp;source=g\">Av. Embaixador Abelardo Bueno, 1300&nbsp;<\/a>\u2013&nbsp;<a href=\"https:\/\/www.google.com\/maps\/search\/Av.+Embaixador+Abelardo+Bueno,+1300++Barra+Ol%C3%ADmpica,+Rio+de+Janeiro++RJ?entry=gmail&amp;source=g\">Barra Ol\u00edmpica, Rio de Janeiro&nbsp;<\/a>\u2013&nbsp;<a href=\"https:\/\/www.google.com\/maps\/search\/Av.+Embaixador+Abelardo+Bueno,+1300++Barra+Ol%C3%ADmpica,+Rio+de+Janeiro++RJ?entry=gmail&amp;source=g\">RJ<\/a>. Telefone: (21) 3095-9044<\/em><\/strong><\/p>\n\n\n\n<p class=\"wp-block-paragraph\"><strong><u>Shopping Plaza Rio das Ostras<\/u><\/strong><\/p>\n\n\n\n<p class=\"wp-block-paragraph\"><strong>&#8211; Lojas e quiosques:<\/strong>&nbsp;13h \u00e0s 21h<\/p>\n\n\n\n<p class=\"wp-block-paragraph\"><strong>&#8211; Opera\u00e7\u00f5es de alimenta\u00e7\u00e3o e lazer:<\/strong>&nbsp;11h \u00e0s 22h<\/p>\n\n\n\n<p class=\"wp-block-paragraph\"><strong>&#8211; Vila Gourmet:<\/strong>&nbsp;das 12h \u00e0 0h<\/p>\n\n\n\n<p class=\"wp-block-paragraph\"><strong>&#8211; Restaurantes:<\/strong>&nbsp;12h \u00e0s 22h<\/p>\n\n\n\n<p class=\"wp-block-paragraph\"><strong>&#8211; \u00c1rea de sa\u00fade, bem-estar e fitness:<\/strong>&nbsp;06h \u00e0s 21h.<\/p>\n\n\n\n<p class=\"wp-block-paragraph\"><strong><em>O Shopping Plaza Rio das Ostras fica na&nbsp;<a href=\"https:\/\/www.google.com\/maps\/search\/Estrada+Prof.+Leandro+Faria+Sarzedas,+1.300?entry=gmail&amp;source=g\">Estrada Prof. Leandro Faria Sarzedas, 1.300<\/a>, Bairro Harmonia, Rio das Ostras\/ RJ. WhatsApp: (22) 99738-3860.<\/em><\/strong><\/p>\n\n\n\n<p class=\"wp-block-paragraph\"><strong><u>West Shopping<\/u><\/strong><\/p>\n\n\n\n<p class=\"wp-block-paragraph\"><strong>Lojas e quiosques:<\/strong>&nbsp;das 13 \u00e0s 21h<\/p>\n\n\n\n<p class=\"wp-block-paragraph\"><strong>Pra\u00e7a de alimenta\u00e7\u00e3o e lazer:<\/strong>&nbsp;das 11h \u00e0s 22h<\/p>\n\n\n\n<p class=\"wp-block-paragraph\"><strong>Restaurantes:<\/strong>&nbsp;das 12h \u00e0s 22h<\/p>\n\n\n\n<p class=\"wp-block-paragraph\"><strong>Cinemas:<\/strong>&nbsp;de acordo com a programa\u00e7\u00e3o<\/p>\n\n\n\n<p class=\"wp-block-paragraph\"><strong><em>O West Shopping fica na&nbsp;<a href=\"https:\/\/www.google.com\/maps\/search\/Estrada+do+Mendanha,+555,+Campo+Grande+-+Rio+de+Janeiro%2F+RJ?entry=gmail&amp;source=g\">Estrada do Mendanha, 555, Campo Grande &#8211; Rio de Janeiro\/ RJ<\/a>. Tel.: (21) 3514-1040.<\/em><\/strong><\/p>\n","protected":false},"excerpt":{"rendered":"<p>Quem pretende aproveitar o feriado desta segunda-feira (7) para fazer compras ou passear nos centros comerciais deve ficar atento. Os<\/p>\n","protected":false},"author":3,"featured_media":1817,"comment_status":"open","ping_status":"open","sticky":false,"template":"","format":"standard","meta":{"footnotes":""},"categories":[4],"tags":[],"class_list":["post-1816","post","type-post","status-publish","format-standard","has-post-thumbnail","hentry","category-geral"],"_links":{"self":[{"href":"https:\/\/g100.com.br\/index.php\/wp-json\/wp\/v2\/posts\/1816","targetHints":{"allow":["GET"]}}],"collection":[{"href":"https:\/\/g100.com.br\/index.php\/wp-json\/wp\/v2\/posts"}],"about":[{"href":"https:\/\/g100.com.br\/index.php\/wp-json\/wp\/v2\/types\/post"}],"author":[{"embeddable":true,"href":"https:\/\/g100.com.br\/index.php\/wp-json\/wp\/v2\/users\/3"}],"replies":[{"embeddable":true,"href":"https:\/\/g100.com.br\/index.php\/wp-json\/wp\/v2\/comments?post=1816"}],"version-history":[{"count":1,"href":"https:\/\/g100.com.br\/index.php\/wp-json\/wp\/v2\/posts\/1816\/revisions"}],"predecessor-version":[{"id":1818,"href":"https:\/\/g100.com.br\/index.php\/wp-json\/wp\/v2\/posts\/1816\/revisions\/1818"}],"wp:featuredmedia":[{"embeddable":true,"href":"https:\/\/g100.com.br\/index.php\/wp-json\/wp\/v2\/media\/1817"}],"wp:attachment":[{"href":"https:\/\/g100.com.br\/index.php\/wp-json\/wp\/v2\/media?parent=1816"}],"wp:term":[{"taxonomy":"category","embeddable":true,"href":"https:\/\/g100.com.br\/index.php\/wp-json\/wp\/v2\/categories?post=1816"},{"taxonomy":"post_tag","embeddable":true,"href":"https:\/\/g100.com.br\/index.php\/wp-json\/wp\/v2\/tags?post=1816"}],"curies":[{"name":"wp","href":"https:\/\/api.w.org\/{rel}","templated":true}]}}