{"id":1808,"date":"2026-09-02T17:11:03","date_gmt":"2026-09-02T20:11:03","guid":{"rendered":"https:\/\/g100.com.br\/?p=1808"},"modified":"2026-09-02T17:11:03","modified_gmt":"2026-09-02T20:11:03","slug":"fotop-amplia-operacao-no-rock-in-rio-2026-com-300-fotografos-e-quatro-estudios-para-experiencias-criativas-com-os-fas","status":"publish","type":"post","link":"https:\/\/g100.com.br\/index.php\/2026\/09\/02\/fotop-amplia-operacao-no-rock-in-rio-2026-com-300-fotografos-e-quatro-estudios-para-experiencias-criativas-com-os-fas\/","title":{"rendered":"FOTOP amplia opera\u00e7\u00e3o no Rock in Rio 2026 com 300 fot\u00f3grafos e quatro est\u00fadios para experi\u00eancias criativas com os f\u00e3s"},"content":{"rendered":"\n<h3 class=\"wp-block-heading\">Empresa aumenta em quase quatro vezes o tamanho da opera\u00e7\u00e3o em rela\u00e7\u00e3o \u00e0 estreia no festival e projeta mais de 5 milh\u00f5es de fotos produzidas<\/h3>\n\n\n\n<p class=\"wp-block-paragraph\">A FOTOP, marca oficial de fotos dos f\u00e3s do Rock in Rio 2026, volta ao festival com uma opera\u00e7\u00e3o quatro vezes maior do que a realizada em sua estreia. Ser\u00e3o 300 fot\u00f3grafos profissionais espalhados pela Cidade do Rock, registrando os principais momentos do p\u00fablico e ampliando a presen\u00e7a da marca no mercado de grandes eventos de entretenimento.<\/p>\n\n\n\n<p class=\"wp-block-paragraph\">Na primeira participa\u00e7\u00e3o no Rock in Rio, em 2025, a FOTOP contou com 80 fot\u00f3grafos e registrou mais de 1 milh\u00e3o de registros na plataforma. Desde ent\u00e3o, a empresa ampliou sua atua\u00e7\u00e3o em grandes festivais no Brasil e tamb\u00e9m levou sua opera\u00e7\u00e3o ao Rock in Rio Lisboa. Para esta edi\u00e7\u00e3o, a expectativa \u00e9 ultrapassar 5 milh\u00f5es de fotos produzidas, acompanhando o crescimento da estrutura da opera\u00e7\u00e3o.<\/p>\n\n\n\n<p class=\"wp-block-paragraph\"><strong>Uma opera\u00e7\u00e3o completa na Cidade do Rock<\/strong><br>A cobertura ser\u00e1 dividida entre pontos fixos e fot\u00f3grafos volantes. Haver\u00e1 profissionais dedicados aos principais pontos do festival, como letreiro, entrada, palcos e roda-gigante, al\u00e9m de equipes circulando pela Cidade do Rock para acompanhar diferentes momentos do p\u00fablico. A opera\u00e7\u00e3o tamb\u00e9m contar\u00e1 com uma ativa\u00e7\u00e3o da FOTOP composta por quatro est\u00fadios de fotografia funcionando simultaneamente durante todo o festival, convidando o p\u00fablico a fazer registros diferentes e criativos durante sua passagem pelo evento e ampliando a presen\u00e7a da marca na jornada dos f\u00e3s.<\/p>\n\n\n\n<p class=\"wp-block-paragraph\">\u201cNa nossa primeira opera\u00e7\u00e3o no Rock in Rio, est\u00e1vamos entrando em um universo novo para a Fotop. Desde ent\u00e3o, estivemos nos maiores festivais do Brasil e tamb\u00e9m em Lisboa. Voltamos agora com uma estrutura muito maior e com toda a experi\u00eancia que adquirimos nesse per\u00edodo\u201d, afirma Andr\u00e9 Chaco, CEO da FOTOP.<\/p>\n\n\n\n<p class=\"wp-block-paragraph\">O crescimento da estrutura acompanha tamb\u00e9m a expectativa de neg\u00f3cio: para esta edi\u00e7\u00e3o, a FOTOP projeta um aumento de 500% a 600% no faturamento em rela\u00e7\u00e3o \u00e0 opera\u00e7\u00e3o anterior. As fotos ser\u00e3o disponibilizadas na plataforma ao longo do evento, com apoio da tecnologia de reconhecimento facial, que facilita a busca pelos registros. A proposta \u00e9 acompanhar o p\u00fablico durante toda a jornada no festival, dos grandes shows aos encontros, comemora\u00e7\u00f5es e momentos espont\u00e2neos que acontecem pela Cidade do Rock.<\/p>\n\n\n\n<p class=\"wp-block-paragraph\">Com a opera\u00e7\u00e3o de 2026, a FOTOP refor\u00e7a sua expans\u00e3o no entretenimento e consolida sua atua\u00e7\u00e3o como marca oficial de fotos dos f\u00e3s do Rock in Rio, levando ao festival a estrutura e a experi\u00eancia adquiridas desde sua entrada no universo dos grandes festivais.<\/p>\n","protected":false},"excerpt":{"rendered":"<p>Empresa aumenta em quase quatro vezes o tamanho da opera\u00e7\u00e3o em rela\u00e7\u00e3o \u00e0 estreia no festival e projeta mais de<\/p>\n","protected":false},"author":2,"featured_media":1809,"comment_status":"open","ping_status":"open","sticky":false,"template":"","format":"standard","meta":{"footnotes":""},"categories":[4,3],"tags":[],"class_list":["post-1808","post","type-post","status-publish","format-standard","has-post-thumbnail","hentry","category-geral","category-noticias"],"_links":{"self":[{"href":"https:\/\/g100.com.br\/index.php\/wp-json\/wp\/v2\/posts\/1808","targetHints":{"allow":["GET"]}}],"collection":[{"href":"https:\/\/g100.com.br\/index.php\/wp-json\/wp\/v2\/posts"}],"about":[{"href":"https:\/\/g100.com.br\/index.php\/wp-json\/wp\/v2\/types\/post"}],"author":[{"embeddable":true,"href":"https:\/\/g100.com.br\/index.php\/wp-json\/wp\/v2\/users\/2"}],"replies":[{"embeddable":true,"href":"https:\/\/g100.com.br\/index.php\/wp-json\/wp\/v2\/comments?post=1808"}],"version-history":[{"count":1,"href":"https:\/\/g100.com.br\/index.php\/wp-json\/wp\/v2\/posts\/1808\/revisions"}],"predecessor-version":[{"id":1810,"href":"https:\/\/g100.com.br\/index.php\/wp-json\/wp\/v2\/posts\/1808\/revisions\/1810"}],"wp:featuredmedia":[{"embeddable":true,"href":"https:\/\/g100.com.br\/index.php\/wp-json\/wp\/v2\/media\/1809"}],"wp:attachment":[{"href":"https:\/\/g100.com.br\/index.php\/wp-json\/wp\/v2\/media?parent=1808"}],"wp:term":[{"taxonomy":"category","embeddable":true,"href":"https:\/\/g100.com.br\/index.php\/wp-json\/wp\/v2\/categories?post=1808"},{"taxonomy":"post_tag","embeddable":true,"href":"https:\/\/g100.com.br\/index.php\/wp-json\/wp\/v2\/tags?post=1808"}],"curies":[{"name":"wp","href":"https:\/\/api.w.org\/{rel}","templated":true}]}}