{"id":1805,"date":"2026-09-02T17:00:13","date_gmt":"2026-09-02T20:00:13","guid":{"rendered":"https:\/\/g100.com.br\/?p=1805"},"modified":"2026-09-02T17:00:13","modified_gmt":"2026-09-02T20:00:13","slug":"melitta-patrocina-sul-americano-masculino-e-feminino-de-volei","status":"publish","type":"post","link":"https:\/\/g100.com.br\/index.php\/2026\/09\/02\/melitta-patrocina-sul-americano-masculino-e-feminino-de-volei\/","title":{"rendered":"Melitta\u00ae patrocina Sul-Americano masculino e feminino de v\u00f4lei"},"content":{"rendered":"\n<h6 class=\"wp-block-heading\">Foto: Patricy Albuquerque\/Divulga\u00e7\u00e3o\/CBV<\/h6>\n\n\n\n<h3 class=\"wp-block-heading\">Essa ser\u00e1 a primeira vez da marca alem\u00e3 num campeonato pr\u00e9-ol\u00edmpico da modalidade<\/h3>\n\n\n\n<p class=\"wp-block-paragraph\">Presente no v\u00f4lei nacional desde 2019, a Melitta\u00ae, marca especialista em caf\u00e9s e produtos para o preparo, ser\u00e1 uma das patrocinadoras do Sul-Americano de V\u00f4lei, competi\u00e7\u00e3o que funcionar\u00e1 como torneio classificat\u00f3rio para os Jogos Ol\u00edmpicos de Los Angeles de 2028. O Rio de Janeiro foi escolhido como cidade-sede do campeonato, que come\u00e7a no dia 8 de setembro com as mulheres, enquanto os jogos do masculino acontecem a partir do dia 15 do mesmo m\u00eas.<\/p>\n\n\n\n<p class=\"wp-block-paragraph\">Com este campeonato, a Melitta\u00ae estar\u00e1 pela primeira vez envolvida num campeonato pr\u00e9-ol\u00edmpico da modalidade e levar\u00e1 seu caf\u00e9 fresquinho para os f\u00e3s do v\u00f4lei da Cidade Maravilhosa. O lend\u00e1rio Gin\u00e1sio do Maracan\u00e3zinho, que j\u00e1 foi palco de grandes conquistas do esporte brasileiro, abrigar\u00e1 as partidas e l\u00e1 o p\u00fablico poder\u00e1 presenciar todas as ativa\u00e7\u00f5es da marca alem\u00e3. A Sul-Americano reunir\u00e1 seis sele\u00e7\u00f5es da Am\u00e9rica do Sul que jogar\u00e3o em turno \u00fanico e essa ser\u00e1 a primeira oportunidade para uma dessas equipes garantir uma vaga nas Ol\u00edmpiadas, j\u00e1 que o campe\u00e3o do torneio carimba de forma antecipada a sua participa\u00e7\u00e3o nos Jogos de Los Angeles.<\/p>\n\n\n\n<p class=\"wp-block-paragraph\">Al\u00e9m de patrocinar a competi\u00e7\u00e3o, a Melitta\u00ae tamb\u00e9m estar\u00e1 representada dentro das quadras, uma vez que a marca \u00e9 patrocinadora das sele\u00e7\u00f5es brasileiras feminina e masculina desde o in\u00edcio do ano. O t\u00e9cnico Jos\u00e9 Roberto Guimar\u00e3es, que comanda o time feminino do Brasil, \u00e9 desde 2024 o \u201cembaixador\u201d da Melitta\u00ae no v\u00f4lei. O treinador, al\u00e9m de multicampe\u00e3o nas quadras, \u00e9 um apaixonado por caf\u00e9 fora delas, assim como a melhor jogadora do mundo Gabi Guimar\u00e3es, que integra a sele\u00e7\u00e3o feminina e faz parte do squad da empresa alem\u00e3 desde dezembro de 2025.<\/p>\n\n\n\n<p class=\"wp-block-paragraph\">\u201cA presen\u00e7a da Melitta\u00ae no Sul-Americano vai de encontro com a nossa estrat\u00e9gia de estar presente em todos os momentos do v\u00f4lei nacional, como esse, que pode cravar a vaga das nossas sele\u00e7\u00f5es aos Jogos Ol\u00edmpicos de Los Angeles. O v\u00f4lei \u00e9 um esporte apaixonante, que move milh\u00f5es de pessoas, e o Maracan\u00e3zinho \u00e9 a casa da modalidade no pa\u00eds, onde mais uma vez poderemos aproximar a marca com o p\u00fablico carioca. Esses dias no Rio de Janeiro ser\u00e3o especiais e unir\u00e1 ainda mais a Melitta\u00ae com o v\u00f4lei e o torcedor brasileiro\u201d, comenta Jonatas Rocha, diretor de marketing da Melitta\u00ae.<\/p>\n\n\n\n<p class=\"wp-block-paragraph\">No v\u00f4lei, a Melitta\u00ae tamb\u00e9m \u00e9 patrocinadora oficial do Minas T\u00eanis Clube e, desde 2024, a jornalista e influenciadora Renata Heilborn tamb\u00e9m faz parte do time Melitta\u00ae para conte\u00fados sobre o esporte. Al\u00e9m do Sul-Americano, a marca ainda patrocina a Superliga, Copa Brasil, Circuito Brasileiro de V\u00f4lei de Praia e a etapa brasileira da VNL.<\/p>\n\n\n\n<p class=\"wp-block-paragraph\">Melitta\u00ae no esporte: a Melitta\u00ae acredita e incentiva o esporte como um meio de refor\u00e7ar seus principais valores de marca. A empresa conta com grandes parcerias, como Real Madrid, CBV, Minas T\u00eanis Clube, Jos\u00e9 Roberto Guimar\u00e3es, Gabi Guimar\u00e3es, Esporte Clube Pinheiros, Caio Ribeiro, Charla Podcast, TiaGol e paiN Gaming, al\u00e9m de influenciadores como Gonze, Gandula, Lucaneta e a jornalista e criadora de conte\u00fado especializada em v\u00f4lei, Renata Heilborn.<\/p>\n","protected":false},"excerpt":{"rendered":"<p>Foto: Patricy Albuquerque\/Divulga\u00e7\u00e3o\/CBV Essa ser\u00e1 a primeira vez da marca alem\u00e3 num campeonato pr\u00e9-ol\u00edmpico da modalidade Presente no v\u00f4lei nacional<\/p>\n","protected":false},"author":2,"featured_media":1806,"comment_status":"open","ping_status":"open","sticky":false,"template":"","format":"standard","meta":{"footnotes":""},"categories":[4,7],"tags":[],"class_list":["post-1805","post","type-post","status-publish","format-standard","has-post-thumbnail","hentry","category-geral","category-mercado"],"_links":{"self":[{"href":"https:\/\/g100.com.br\/index.php\/wp-json\/wp\/v2\/posts\/1805","targetHints":{"allow":["GET"]}}],"collection":[{"href":"https:\/\/g100.com.br\/index.php\/wp-json\/wp\/v2\/posts"}],"about":[{"href":"https:\/\/g100.com.br\/index.php\/wp-json\/wp\/v2\/types\/post"}],"author":[{"embeddable":true,"href":"https:\/\/g100.com.br\/index.php\/wp-json\/wp\/v2\/users\/2"}],"replies":[{"embeddable":true,"href":"https:\/\/g100.com.br\/index.php\/wp-json\/wp\/v2\/comments?post=1805"}],"version-history":[{"count":1,"href":"https:\/\/g100.com.br\/index.php\/wp-json\/wp\/v2\/posts\/1805\/revisions"}],"predecessor-version":[{"id":1807,"href":"https:\/\/g100.com.br\/index.php\/wp-json\/wp\/v2\/posts\/1805\/revisions\/1807"}],"wp:featuredmedia":[{"embeddable":true,"href":"https:\/\/g100.com.br\/index.php\/wp-json\/wp\/v2\/media\/1806"}],"wp:attachment":[{"href":"https:\/\/g100.com.br\/index.php\/wp-json\/wp\/v2\/media?parent=1805"}],"wp:term":[{"taxonomy":"category","embeddable":true,"href":"https:\/\/g100.com.br\/index.php\/wp-json\/wp\/v2\/categories?post=1805"},{"taxonomy":"post_tag","embeddable":true,"href":"https:\/\/g100.com.br\/index.php\/wp-json\/wp\/v2\/tags?post=1805"}],"curies":[{"name":"wp","href":"https:\/\/api.w.org\/{rel}","templated":true}]}}