{"id":1802,"date":"2026-09-02T08:48:43","date_gmt":"2026-09-02T11:48:43","guid":{"rendered":"https:\/\/g100.com.br\/?p=1802"},"modified":"2026-09-02T08:48:43","modified_gmt":"2026-09-02T11:48:43","slug":"ceo-do-grupo-hadassa-viagens-da-maior-operadora-de-turismo-internacional-estreia-na-tv-aberta-com-o-maior-programa-de-show-de-premios-do-turismo-internacional","status":"publish","type":"post","link":"https:\/\/g100.com.br\/index.php\/2026\/09\/02\/ceo-do-grupo-hadassa-viagens-da-maior-operadora-de-turismo-internacional-estreia-na-tv-aberta-com-o-maior-programa-de-show-de-premios-do-turismo-internacional\/","title":{"rendered":"CEO do Grupo Hadassa Viagens, da maior operadora de turismo internacional, estreia na TV aberta com o maior programa de show de pr\u00eamios do turismo internacional"},"content":{"rendered":"\n<p class=\"wp-block-paragraph\">Garcia da Hadassa, CEO do Grupo Hadassa, a maior operadora de turismo do Brasil, apresenta neste domingo, 6 de setembro, uma nova atra\u00e7\u00e3o que promete unir turismo internacional, entretenimento, viagens e grandes premia\u00e7\u00f5es na televis\u00e3o brasileira.<\/p>\n\n\n\n<p class=\"wp-block-paragraph\">O turismo internacional ganha um novo espa\u00e7o na televis\u00e3o brasileira. Neste domingo, 6 de setembro, das 15h \u00e0s 15h30, na RedeTV!, estreia o Show de Pr\u00eamios Hadassa Viagens, apresentado por Garcia da Hadassa, CEO do Grupo Hadassa.<\/p>\n\n\n\n<p class=\"wp-block-paragraph\">A atra\u00e7\u00e3o chega \u00e0 televis\u00e3o nacional com uma proposta que re\u00fane turismo, entretenimento, viagens, brindes, sorteios e grandes pr\u00eamios, aproximando o p\u00fablico brasileiro dos principais destinos internacionais.<\/p>\n\n\n\n<p class=\"wp-block-paragraph\">O programa faz parte de uma nova fase de expans\u00e3o do Grupo Hadassa, que amplia sua atua\u00e7\u00e3o para al\u00e9m do mercado de viagens e passa a integrar tamb\u00e9m televis\u00e3o, entretenimento e grandes campanhas de premia\u00e7\u00e3o.<\/p>\n\n\n\n<p class=\"wp-block-paragraph\">TURISMO, ENTRETENIMENTO E GRANDES PR\u00caMIOS<\/p>\n\n\n\n<p class=\"wp-block-paragraph\">O Show de Pr\u00eamios Hadassa Viagens ter\u00e1 uma programa\u00e7\u00e3o voltada para quem gosta de viajar e acompanhar grandes oportunidades.<\/p>\n\n\n\n<p class=\"wp-block-paragraph\">Durante as atra\u00e7\u00f5es, o p\u00fablico poder\u00e1 acompanhar destinos internacionais, novidades do mercado de turismo, experi\u00eancias de viagem, brindes e sorteios.<\/p>\n\n\n\n<p class=\"wp-block-paragraph\">A proposta \u00e9 transformar a televis\u00e3o em uma verdadeira conex\u00e3o entre o p\u00fablico e o universo do turismo internacional, levando entretenimento e oportunidades para espectadores de todo o Brasil.<\/p>\n\n\n\n<p class=\"wp-block-paragraph\">Entre as premia\u00e7\u00f5es previstas est\u00e3o viagens internacionais, produtos de tecnologia, ve\u00edculos el\u00e9tricos, brindes e outros pr\u00eamios, que ser\u00e3o apresentados ao longo das edi\u00e7\u00f5es.<\/p>\n\n\n<div class=\"wp-block-image size-medium wp-image-46001\">\n<figure class=\"alignleft\"><img decoding=\"async\" src=\"https:\/\/viralizabh.com.br\/wp-content\/uploads\/2026\/09\/b407f139-0e1b-4b73-8158-ff898c8b644d-259x300.jpeg\" alt=\"\" class=\"wp-image-46001\" \/><figcaption class=\"wp-element-caption\"><span style=\"font-size: 16px;font-style: normal;font-weight: 400;letter-spacing: normal;text-align: start;text-indent: 0px;text-transform: none;white-space: normal;word-spacing: 0px;text-decoration: none;font-family: -apple-system, BlinkMacSystemFont, &quot;Segoe UI&quot;, Roboto, Oxygen, Oxygen-Sans, Ubuntu, Cantarell, &quot;Helvetica Neue&quot;, &quot;Open Sans&quot;, Arial, sans-serif;float: none;display: inline !important\"><span class=\"Apple-converted-space\">\u00a0<\/span>Foto: Divulga\u00e7\u00e3o<\/span><\/figcaption><\/figure>\n<\/div>\n\n\n<p class=\"wp-block-paragraph\">GARCIA DA HADASSA NO COMANDO<\/p>\n\n\n\n<p class=\"wp-block-paragraph\">\u00c0 frente da atra\u00e7\u00e3o est\u00e1 Garcia da Hadassa, CEO do Grupo Hadassa e empres\u00e1rio com atua\u00e7\u00e3o no segmento de turismo internacional.<\/p>\n\n\n\n<p class=\"wp-block-paragraph\">Com a estreia do programa, Garcia passa a levar para a televis\u00e3o sua experi\u00eancia empresarial e sua rela\u00e7\u00e3o com o mercado de viagens, apresentando uma atra\u00e7\u00e3o que tem o turismo como protagonista.<\/p>\n\n\n\n<p class=\"wp-block-paragraph\">O projeto representa mais um passo na expans\u00e3o da marca Hadassa e na cria\u00e7\u00e3o de novas experi\u00eancias para o p\u00fablico brasileiro.<\/p>\n\n\n\n<p class=\"wp-block-paragraph\">UMA NOVA EXPERI\u00caNCIA NA TELEVIS\u00c3O<\/p>\n\n\n\n<p class=\"wp-block-paragraph\">O programa nasce com a proposta de aproximar ainda mais os brasileiros dos destinos internacionais e, ao mesmo tempo, proporcionar momentos de entretenimento e participa\u00e7\u00e3o.<\/p>\n\n\n\n<p class=\"wp-block-paragraph\">A combina\u00e7\u00e3o entre viagens, turismo internacional, brindes, sorteios e grandes premia\u00e7\u00f5es promete marcar a estreia da atra\u00e7\u00e3o na televis\u00e3o brasileira.<\/p>\n\n\n\n<p class=\"wp-block-paragraph\">Para o Grupo Hadassa, o lan\u00e7amento tamb\u00e9m representa uma nova frente de comunica\u00e7\u00e3o com o p\u00fablico, utilizando a televis\u00e3o nacional para apresentar destinos, experi\u00eancias e oportunidades ligadas ao universo do turismo.<\/p>\n\n\n\n<p class=\"wp-block-paragraph\">ESTREIA NACIONAL<\/p>\n\n\n\n<p class=\"wp-block-paragraph\">A expectativa \u00e9 de que o programa se torne uma das principais atra\u00e7\u00f5es televisivas ligadas ao turismo internacional no Brasil.<\/p>\n\n\n\n<p class=\"wp-block-paragraph\">\u00c9 neste domingo, 6 de setembro, das 15h \u00e0s 15h30, na RedeTV!: o maior programa de show de pr\u00eamios do turismo internacional, apresentado por Garcia da Hadassa, CEO do Grupo Hadassa, a maior operadora de turismo do Brasil.<\/p>\n\n\n\n<p class=\"wp-block-paragraph\">O programa ser\u00e1 exibido diariamente na RedeTV!, de segunda a sexta-feira, das 12h10 \u00e0s 12h40, e aos s\u00e1bados e domingos, das 15h \u00e0s 15h30.<\/p>\n\n\n\n<p class=\"wp-block-paragraph\">Show de Pr\u00eamios Hadassa Viagens.<\/p>\n\n\n\n<p class=\"wp-block-paragraph\">Viagens, turismo internacional, entretenimento, brindes, sorteios e grandes pr\u00eamios em rede nacional.<\/p>\n","protected":false},"excerpt":{"rendered":"<p>Garcia da Hadassa, CEO do Grupo Hadassa, a maior operadora de turismo do Brasil, apresenta neste domingo, 6 de setembro,<\/p>\n","protected":false},"author":3,"featured_media":1803,"comment_status":"open","ping_status":"open","sticky":false,"template":"","format":"standard","meta":{"footnotes":""},"categories":[3],"tags":[],"class_list":["post-1802","post","type-post","status-publish","format-standard","has-post-thumbnail","hentry","category-noticias"],"_links":{"self":[{"href":"https:\/\/g100.com.br\/index.php\/wp-json\/wp\/v2\/posts\/1802","targetHints":{"allow":["GET"]}}],"collection":[{"href":"https:\/\/g100.com.br\/index.php\/wp-json\/wp\/v2\/posts"}],"about":[{"href":"https:\/\/g100.com.br\/index.php\/wp-json\/wp\/v2\/types\/post"}],"author":[{"embeddable":true,"href":"https:\/\/g100.com.br\/index.php\/wp-json\/wp\/v2\/users\/3"}],"replies":[{"embeddable":true,"href":"https:\/\/g100.com.br\/index.php\/wp-json\/wp\/v2\/comments?post=1802"}],"version-history":[{"count":1,"href":"https:\/\/g100.com.br\/index.php\/wp-json\/wp\/v2\/posts\/1802\/revisions"}],"predecessor-version":[{"id":1804,"href":"https:\/\/g100.com.br\/index.php\/wp-json\/wp\/v2\/posts\/1802\/revisions\/1804"}],"wp:featuredmedia":[{"embeddable":true,"href":"https:\/\/g100.com.br\/index.php\/wp-json\/wp\/v2\/media\/1803"}],"wp:attachment":[{"href":"https:\/\/g100.com.br\/index.php\/wp-json\/wp\/v2\/media?parent=1802"}],"wp:term":[{"taxonomy":"category","embeddable":true,"href":"https:\/\/g100.com.br\/index.php\/wp-json\/wp\/v2\/categories?post=1802"},{"taxonomy":"post_tag","embeddable":true,"href":"https:\/\/g100.com.br\/index.php\/wp-json\/wp\/v2\/tags?post=1802"}],"curies":[{"name":"wp","href":"https:\/\/api.w.org\/{rel}","templated":true}]}}