{"id":1160,"date":"2026-05-01T21:58:20","date_gmt":"2026-05-02T00:58:20","guid":{"rendered":"https:\/\/g100.com.br\/?p=1160"},"modified":"2026-05-01T21:58:20","modified_gmt":"2026-05-02T00:58:20","slug":"220-dance-leva-artista-de-projetos-com-rihanna-a-cidade-tiradentes","status":"publish","type":"post","link":"https:\/\/g100.com.br\/index.php\/2026\/05\/01\/220-dance-leva-artista-de-projetos-com-rihanna-a-cidade-tiradentes\/","title":{"rendered":"220 Dance leva artista de projetos com Rihanna \u00e0 Cidade Tiradentes"},"content":{"rendered":"\n<p><em>Evento gratuito aproxima periferia de artistas ligados a Rihanna, Kendrick Lamar e Justin Timberlake<\/em><\/p>\n\n\n\n<p>A zona leste de S\u00e3o Paulo ser\u00e1 palco do encerramento do 220 Dance Festival nos dias 2 e 3 de maio. O evento recebe o artista internacional <strong>Karon Lynn<\/strong>, conhecido por integrar a equipe criativa de <strong>Rihanna<\/strong>.<\/p>\n\n\n\n<p>Com passagens por projetos de <strong>Justin Timberlake<\/strong>, <strong>Kendrick Lamar<\/strong> e <strong>Missy Elliott<\/strong>, o artista participa de uma programa\u00e7\u00e3o que busca aproximar o p\u00fablico local de experi\u00eancias presentes em grandes produ\u00e7\u00f5es da dan\u00e7a.<\/p>\n\n\n\n<p>O Centro de Forma\u00e7\u00e3o Cultural Cidade Tiradentes sediar\u00e1 as atividades, reunindo workshops, viv\u00eancias e a\u00e7\u00f5es formativas voltadas \u00e0 dan\u00e7a urbana.<\/p>\n\n\n\n<p>No primeiro dia, o p\u00fablico acompanha atividades com <strong>Jhey Olliver<\/strong>, <strong>Tati Saito<\/strong>, <strong>Mateus Azevedo<\/strong>, <strong>Renatta Prado<\/strong>, <strong>Juana Chi<\/strong> e <strong>Karon Lynn<\/strong>. No segundo dia, participam <strong>Josh<\/strong>, <strong>JC<\/strong>, <strong>Flavia Lima<\/strong>, <strong>Rafa Custodio<\/strong> e <strong>Israel Alves<\/strong>.<\/p>\n\n\n\n<p>Os encontros se encerram com discotecagem em ambas as datas.<\/p>\n\n\n<div class=\"wp-block-image wp-image-33088 size-large\">\n<figure class=\"aligncenter\"><img decoding=\"async\" src=\"https:\/\/revistamind.an9.com.br\/wp-content\/uploads\/2026\/05\/d9b4a7fd-148b-4527-b159-56de5f37bb7d-684x1024.jpg\" alt=\"\" class=\"wp-image-33088\" \/><figcaption class=\"wp-element-caption\">Foto: Divulga\u00e7\u00e3o<\/figcaption><\/figure>\n<\/div>\n\n\n<p>Realizado por <strong>220 Dance<\/strong>, <strong>El\u00e3 Produz<\/strong>, <strong>Cria Conex\u00f5es<\/strong>, <strong>Neoera<\/strong> e <strong>Instituto Caru<\/strong>, o festival se consolida como um espa\u00e7o de forma\u00e7\u00e3o e valoriza\u00e7\u00e3o da produ\u00e7\u00e3o art\u00edstica perif\u00e9rica.<\/p>\n\n\n\n<p>Segundo <strong>Esther Dag\u00e1pito<\/strong>, idealizadora da <strong>El\u00e3 Produz<\/strong>, o projeto reflete sua mudan\u00e7a de trajet\u00f3ria. \u201c<em>Abdiquei de atuar como dan\u00e7arina para me dedicar \u00e0 produ\u00e7\u00e3o porque acreditava que poderia ajudar outras pessoas a realizarem seus sonhos<\/em>.\u201d<\/p>\n\n\n\n<p>Ela ressalta o impacto dessa escolha. \u201c<em>Percebi que meu movimento mais potente acontecia quando eu criava conex\u00f5es e abria caminhos<\/em>.\u201d<\/p>\n\n\n\n<p>Dessa forma, o <strong>220 Dance<\/strong> se estabelece como ferramenta de transforma\u00e7\u00e3o. \u201c\u00c9<em> um projeto que nasce para viabilizar sonhos atrav\u00e9s da dan\u00e7a e da troca<\/em>.\u201d<\/p>\n\n\n\n<p>O evento conta com parceria da <strong>Salgateria Vit\u00f3ria Brasileira<\/strong>.<\/p>\n\n\n\n<p><strong>Servi\u00e7o<\/strong><br><strong>Evento: Encerramento do 220 Dance Festival<\/strong><br><strong>Local<\/strong>: Centro de Forma\u00e7\u00e3o Cultural Cidade Tiradentes<br><strong>Endere\u00e7o<\/strong>: Rua In\u00e1cio Monteiro, 6900<br><strong>Data<\/strong>: 2 e 3 de maio<br><strong>Entrada<\/strong>: gratuita<\/p>\n","protected":false},"excerpt":{"rendered":"<p>Evento gratuito aproxima periferia de artistas ligados a Rihanna, Kendrick Lamar e Justin Timberlake A zona leste de S\u00e3o Paulo<\/p>\n","protected":false},"author":3,"featured_media":1161,"comment_status":"open","ping_status":"open","sticky":false,"template":"","format":"standard","meta":{"footnotes":""},"categories":[9],"tags":[],"class_list":["post-1160","post","type-post","status-publish","format-standard","has-post-thumbnail","hentry","category-cultura"],"_links":{"self":[{"href":"https:\/\/g100.com.br\/index.php\/wp-json\/wp\/v2\/posts\/1160","targetHints":{"allow":["GET"]}}],"collection":[{"href":"https:\/\/g100.com.br\/index.php\/wp-json\/wp\/v2\/posts"}],"about":[{"href":"https:\/\/g100.com.br\/index.php\/wp-json\/wp\/v2\/types\/post"}],"author":[{"embeddable":true,"href":"https:\/\/g100.com.br\/index.php\/wp-json\/wp\/v2\/users\/3"}],"replies":[{"embeddable":true,"href":"https:\/\/g100.com.br\/index.php\/wp-json\/wp\/v2\/comments?post=1160"}],"version-history":[{"count":1,"href":"https:\/\/g100.com.br\/index.php\/wp-json\/wp\/v2\/posts\/1160\/revisions"}],"predecessor-version":[{"id":1162,"href":"https:\/\/g100.com.br\/index.php\/wp-json\/wp\/v2\/posts\/1160\/revisions\/1162"}],"wp:featuredmedia":[{"embeddable":true,"href":"https:\/\/g100.com.br\/index.php\/wp-json\/wp\/v2\/media\/1161"}],"wp:attachment":[{"href":"https:\/\/g100.com.br\/index.php\/wp-json\/wp\/v2\/media?parent=1160"}],"wp:term":[{"taxonomy":"category","embeddable":true,"href":"https:\/\/g100.com.br\/index.php\/wp-json\/wp\/v2\/categories?post=1160"},{"taxonomy":"post_tag","embeddable":true,"href":"https:\/\/g100.com.br\/index.php\/wp-json\/wp\/v2\/tags?post=1160"}],"curies":[{"name":"wp","href":"https:\/\/api.w.org\/{rel}","templated":true}]}}