{"id":1144,"date":"2026-04-30T11:40:05","date_gmt":"2026-04-30T14:40:05","guid":{"rendered":"https:\/\/g100.com.br\/?p=1144"},"modified":"2026-04-30T11:40:05","modified_gmt":"2026-04-30T14:40:05","slug":"eric-carvalho-se-apresenta-na-marcha-para-jesus-em-guajeru-bano-feriado-de-1o-de-maio","status":"publish","type":"post","link":"https:\/\/g100.com.br\/index.php\/2026\/04\/30\/eric-carvalho-se-apresenta-na-marcha-para-jesus-em-guajeru-bano-feriado-de-1o-de-maio\/","title":{"rendered":"Eric Carvalho se apresenta na Marcha para Jesus em Guajeru (BA)no feriado de 1\u00ba de maio"},"content":{"rendered":"\n<p>A cidade de Guajeru se prepara para viver um momento especial de f\u00e9, louvor e uni\u00e3o no pr\u00f3ximo dia 1\u00ba de maio, a partir das 18h, com a realiza\u00e7\u00e3o da tradicional Marcha para Jesus. O evento promete reunir fi\u00e9is de diversas localidades em um grande ato p\u00fablico de celebra\u00e7\u00e3o crist\u00e3.<br>Um dos grandes destaques desta edi\u00e7\u00e3o ser\u00e1 a participa\u00e7\u00e3o do cantor Eric Carvalho, que levar\u00e1 ao p\u00fablico uma apresenta\u00e7\u00e3o marcada por emo\u00e7\u00e3o, adora\u00e7\u00e3o e mensagens de esperan\u00e7a. Reconhecido por sua voz marcante e presen\u00e7a de palco envolvente, o artista tem conquistado espa\u00e7o no cen\u00e1rio gospel e promete tornar a noite ainda mais inesquec\u00edvel.<br>Com o apoio do Governo do Estado da Bahia, por meio da Secretaria de Turismo, o evento refor\u00e7a a import\u00e2ncia da cultura crist\u00e3 e da promo\u00e7\u00e3o de encontros que fortalecem os valores espirituais e comunit\u00e1rios.<br>A concentra\u00e7\u00e3o ser\u00e1 na Pra\u00e7a 25 de Fevereiro, de onde os participantes sair\u00e3o em caminhada pelas ruas da cidade, demonstrando sua f\u00e9 e comunh\u00e3o. A expectativa \u00e9 de um grande p\u00fablico, reunindo fam\u00edlias, jovens e caravanas de igrejas da regi\u00e3o.<br>Mais do que um evento, a Marcha para Jesus \u00e9 um convite \u00e0 reflex\u00e3o, \u00e0 uni\u00e3o e \u00e0 celebra\u00e7\u00e3o da f\u00e9. E, com a presen\u00e7a de Eric Carvalho, a edi\u00e7\u00e3o deste ano promete ser ainda mais especial.<\/p>\n\n\n\n<p>SERVI\u00c7O<br>Evento: Marcha para Jesus \u2013 Guajeru (BA)<br>Data: 1\u00ba de maio (quinta-feira \u2013 feriado)<br>Hor\u00e1rio: 18h<br>Local de concentra\u00e7\u00e3o: Pra\u00e7a 25 de Fevereiro<br>Atra\u00e7\u00e3o confirmada: Eric Carvalho<\/p>\n","protected":false},"excerpt":{"rendered":"<p>A cidade de Guajeru se prepara para viver um momento especial de f\u00e9, louvor e uni\u00e3o no pr\u00f3ximo dia 1\u00ba<\/p>\n","protected":false},"author":3,"featured_media":1145,"comment_status":"open","ping_status":"open","sticky":false,"template":"","format":"standard","meta":{"footnotes":""},"categories":[9],"tags":[],"class_list":["post-1144","post","type-post","status-publish","format-standard","has-post-thumbnail","hentry","category-cultura"],"_links":{"self":[{"href":"https:\/\/g100.com.br\/index.php\/wp-json\/wp\/v2\/posts\/1144","targetHints":{"allow":["GET"]}}],"collection":[{"href":"https:\/\/g100.com.br\/index.php\/wp-json\/wp\/v2\/posts"}],"about":[{"href":"https:\/\/g100.com.br\/index.php\/wp-json\/wp\/v2\/types\/post"}],"author":[{"embeddable":true,"href":"https:\/\/g100.com.br\/index.php\/wp-json\/wp\/v2\/users\/3"}],"replies":[{"embeddable":true,"href":"https:\/\/g100.com.br\/index.php\/wp-json\/wp\/v2\/comments?post=1144"}],"version-history":[{"count":1,"href":"https:\/\/g100.com.br\/index.php\/wp-json\/wp\/v2\/posts\/1144\/revisions"}],"predecessor-version":[{"id":1146,"href":"https:\/\/g100.com.br\/index.php\/wp-json\/wp\/v2\/posts\/1144\/revisions\/1146"}],"wp:featuredmedia":[{"embeddable":true,"href":"https:\/\/g100.com.br\/index.php\/wp-json\/wp\/v2\/media\/1145"}],"wp:attachment":[{"href":"https:\/\/g100.com.br\/index.php\/wp-json\/wp\/v2\/media?parent=1144"}],"wp:term":[{"taxonomy":"category","embeddable":true,"href":"https:\/\/g100.com.br\/index.php\/wp-json\/wp\/v2\/categories?post=1144"},{"taxonomy":"post_tag","embeddable":true,"href":"https:\/\/g100.com.br\/index.php\/wp-json\/wp\/v2\/tags?post=1144"}],"curies":[{"name":"wp","href":"https:\/\/api.w.org\/{rel}","templated":true}]}}