{"id":1131,"date":"2026-04-28T07:20:00","date_gmt":"2026-04-28T10:20:00","guid":{"rendered":"https:\/\/g100.com.br\/?p=1131"},"modified":"2026-04-28T07:23:17","modified_gmt":"2026-04-28T10:23:17","slug":"cancoes-que-abracam-altemar-dutra-jr-em-tributo-as-maes","status":"publish","type":"post","link":"https:\/\/g100.com.br\/index.php\/2026\/04\/28\/cancoes-que-abracam-altemar-dutra-jr-em-tributo-as-maes\/","title":{"rendered":"Can\u00e7\u00f5es que Abra\u00e7am: Altemar Dutra Jr em Tributo \u00e0s M\u00e3es"},"content":{"rendered":"\n<p class=\"has-text-align-center\"><\/p>\n\n\n\n<p><\/p>\n\n\n\n<p><\/p>\n\n\n\n<p class=\"has-text-align-center\"><\/p>\n\n\n\n<p class=\"has-text-align-center\"><em>Dia 4 de maio, Altemar Dutra Jr., presta uma emocionante homenagem a todas as m\u00e3es no palco do tradicional Bar Brahma, localizado na ic\u00f4nica esquina da Avenida Ipiranga com a S\u00e3o Jo\u00e3o, no cora\u00e7\u00e3o de S\u00e3o Paulo.<\/em><\/p>\n\n\n\n<p><\/p>\n\n\n\n<p><\/p>\n\n\n\n<p>A trajet\u00f3ria do cantor Altemar Dutra Jr., 57 anos, que traz no DNA os ritmos e a afina\u00e7\u00e3o dos pais, Altemar Dutra (1940-1983) e Martha Mendon\u00e7a, \u00e9 de bons encontros, respeito ao tempo e principalmente, talento para entreter.<\/p>\n\n\n\n<p>Dono de uma carreira constru\u00edda com dedica\u00e7\u00e3o e entrega, ele celebra cada etapa vivida com a mesma intensidade com que sobe ao palco. \u201cN\u00e3o foi f\u00e1cil, mas nem vi passar. Faria tudo de novo. Fiz tudo com tanto amor, envolvimento e carinho porque \u00e9 a minha vida, n\u00e9?\u201d, afirma Altemar Dutra Jr, um verdadeiro showman diante do p\u00fablico.<\/p>\n\n\n\n<p>Timidez? S\u00f3 fora dos holofotes. Quando pisa no palco, o artista parece se alimentar de um elixir de juventude eterna. Com energia contagiante e presen\u00e7a marcante, ele conduz uma maratona musical ecl\u00e9tica, envolvendo a plateia em uma experi\u00eancia vibrante do in\u00edcio ao fim.<\/p>\n\n\n\n<p>Reconhecido por sua voz vers\u00e1til e pela capacidade de transitar com naturalidade entre diferentes estilos musicais, o paulistano Altemar Dutra Jr promete uma noite inesquec\u00edvel. O repert\u00f3rio especial foi cuidadosamente preparado para emocionar e animar, passeando pelo samba, pelo bolero, pelo pop norte-americano e pelos cl\u00e1ssicos do forr\u00f3 do seu \u00faltimo \u00e1lbum \u201cMeu Cen\u00e1rio | Homenagem ao Nordeste\u201d. Tudo isso acompanhado por talentosos m\u00fasicos Jo\u00e3o Mour\u00e3o (baixo), Jaderson Cardoso (bateria) e Leandro Neri (teclado).<\/p>\n\n\n\n<p>Para esta noite especial, a proposta vai al\u00e9m do espet\u00e1culo musical. A inten\u00e7\u00e3o \u00e9 criar momentos de celebra\u00e7\u00e3o e alegria, especialmente para as m\u00e3es, convidadas a dan\u00e7ar, cantar e se divertir em uma atmosfera de afeto e descontra\u00e7\u00e3o.<\/p>\n\n\n\n<p>Mais do que um show, ser\u00e1 um encontro de gera\u00e7\u00f5es embalado por m\u00fasicas atemporais, emo\u00e7\u00e3o \u00e0 flor da pele e a certeza de que, quando h\u00e1 amor pelo que se faz, o tempo se torna apenas um detalhe.<\/p>\n\n\n\n<p><strong>Can\u00e7\u00f5es que Abra\u00e7am: Altemar Dutra Jr em Tributo \u00e0s M\u00e3es<br>Bar Brahma<\/strong><br>Sal\u00e3o Principal<br>Av. S\u00e3o Jo\u00e3o, 677 &#8211; Centro Hist\u00f3rico de S\u00e3o Paulo, S\u00e3o Paulo &#8211; SP<br>Capacidade: 300 lugares<br>Segunda-feira, 04 de maio de 2025<br>Hor\u00e1rio de abertura da casa: 19h<br>Hor\u00e1rio previsto para in\u00edcio do show: 21h<br>Dura\u00e7\u00e3o: 90 minutos<br>Valor: R$ 70,00<br>Classifica\u00e7\u00e3o: 18 anos &#8211; Menor de idade apenas acompanhado do respons\u00e1vel<br>A casa possui acessibilidade<br>Servi\u00e7o de valet: R$ 40,00 (terceirizado)<\/p>\n\n\n\n<p><em>Siga Altemar Dutra Jr nas redes: @altemardutrajr<\/em><\/p>\n","protected":false},"excerpt":{"rendered":"<p>Dia 4 de maio, Altemar Dutra Jr., presta uma emocionante homenagem a todas as m\u00e3es no palco do tradicional Bar<\/p>\n","protected":false},"author":3,"featured_media":1136,"comment_status":"open","ping_status":"open","sticky":false,"template":"","format":"standard","meta":{"footnotes":""},"categories":[9],"tags":[14,17,19,18,15,16,13],"class_list":["post-1131","post","type-post","status-publish","format-standard","has-post-thumbnail","hentry","category-cultura","tag-altemar-dutra-jr","tag-bolero","tag-brahma","tag-forro","tag-mae","tag-pop","tag-show"],"_links":{"self":[{"href":"https:\/\/g100.com.br\/index.php\/wp-json\/wp\/v2\/posts\/1131","targetHints":{"allow":["GET"]}}],"collection":[{"href":"https:\/\/g100.com.br\/index.php\/wp-json\/wp\/v2\/posts"}],"about":[{"href":"https:\/\/g100.com.br\/index.php\/wp-json\/wp\/v2\/types\/post"}],"author":[{"embeddable":true,"href":"https:\/\/g100.com.br\/index.php\/wp-json\/wp\/v2\/users\/3"}],"replies":[{"embeddable":true,"href":"https:\/\/g100.com.br\/index.php\/wp-json\/wp\/v2\/comments?post=1131"}],"version-history":[{"count":6,"href":"https:\/\/g100.com.br\/index.php\/wp-json\/wp\/v2\/posts\/1131\/revisions"}],"predecessor-version":[{"id":1139,"href":"https:\/\/g100.com.br\/index.php\/wp-json\/wp\/v2\/posts\/1131\/revisions\/1139"}],"wp:featuredmedia":[{"embeddable":true,"href":"https:\/\/g100.com.br\/index.php\/wp-json\/wp\/v2\/media\/1136"}],"wp:attachment":[{"href":"https:\/\/g100.com.br\/index.php\/wp-json\/wp\/v2\/media?parent=1131"}],"wp:term":[{"taxonomy":"category","embeddable":true,"href":"https:\/\/g100.com.br\/index.php\/wp-json\/wp\/v2\/categories?post=1131"},{"taxonomy":"post_tag","embeddable":true,"href":"https:\/\/g100.com.br\/index.php\/wp-json\/wp\/v2\/tags?post=1131"}],"curies":[{"name":"wp","href":"https:\/\/api.w.org\/{rel}","templated":true}]}}